{"id":1652,"date":"2026-02-21T20:39:13","date_gmt":"2026-02-21T19:39:13","guid":{"rendered":"https:\/\/parafiaparchowo.pl\/?p=1652"},"modified":"2026-02-21T20:39:13","modified_gmt":"2026-02-21T19:39:13","slug":"ogloszenia-parafialne-i-niedziela-wielkiego-postu-22-02-2026r","status":"publish","type":"post","link":"https:\/\/parafiaparchowo.pl\/?p=1652","title":{"rendered":"Og\u0142oszenia parafialne \u2013 I Niedziela Wielkiego Postu &#8211; 22.02.2026r."},"content":{"rendered":"\n<figure class=\"wp-block-table\"><table><tbody><tr><td class=\"has-text-align-center\" data-align=\"center\" colspan=\"2\">&nbsp; <strong>I Niedziela Wielkiego Postu &nbsp;\u2013 22 lutego 2026r.<\/strong> &nbsp;<\/td><\/tr><tr><td class=\"has-text-align-center\" data-align=\"center\">\u00a01.<\/td><td>Za tydzie\u0144 zbi\u00f3rka do puszek na rzecz polskich misjonarzy z okazji niedzieli \u201eAd gentes\u201d.<\/td><\/tr><tr><td class=\"has-text-align-center\" data-align=\"center\">\u00a02.<\/td><td>Adoracja Naj\u015bwi\u0119tszego Sakramentu w \u015brod\u0119 od 17:30, oraz w czwartek od godz. 16:00 w intencji powo\u0142a\u0144&nbsp; kap\u0142a\u0144skich, zakonnych i misyjnych. &nbsp;<\/td><\/tr><tr><td class=\"has-text-align-center\" data-align=\"center\">\u00a03.<\/td><td>W pi\u0105tek od godz. 18:00 do godz. 22:00, Adoracja Naj\u015bwi\u0119tszego Sakramentu w intencji wynagradzaj\u0105cej. <br>o godz. 19:00 \u2013 r\u00f3\u017caniec, <br>o godz. 20:00 \u2013 koronka do Bo\u017cego Mi\u0142osierdzia, <br>o godz. 21:00 &#8211; rozwa\u017cania<\/td><\/tr><tr><td class=\"has-text-align-center\" data-align=\"center\">\u00a04.<\/td><td>W Wielkim Po\u015bcie zapraszam na nabo\u017ce\u0144stwa:<br><strong>Droga Krzy\u017cowa w pi\u0105tek o godz. 17:00<\/strong><br><strong>Gorzkie \u017bale w niedziel\u0119&nbsp; o godz. 16:00<\/strong><\/td><\/tr><tr><td class=\"has-text-align-center\" data-align=\"center\">\u00a05.<\/td><td>W dniach 2-9.10.2026 r. organizujemy pielgrzymk\u0119 do Fatimy i Santiago de Compostela. Koszt 6160 z\u0142. plus 180 euro. Zapisy u ks. proboszcza. Szczeg\u00f3\u0142y na plakacie.<\/td><\/tr><tr><td class=\"has-text-align-center\" data-align=\"center\">\u00a06.<\/td><td>S\u0105 dost\u0119pne wielkopostne skarbonki Caritas na wielkopostn\u0105 ja\u0142mu\u017cn\u0119.<\/td><\/tr><tr><td class=\"has-text-align-center\" data-align=\"center\">\u00a07.<\/td><td>W poniedzia\u0142ek po Mszy \u015bw. O godz. 17:00, zebranie Rady Parafialnej na plebanii.<\/td><\/tr><tr><td class=\"has-text-align-center\" data-align=\"center\">\u00a08.<\/td><td>W minionym tygodniu po\u017cegnali\u015bmy nasz\u0105 parafiank\u0119 \u015bp. Ann\u0119 Malek. Wieczny odpoczynek\u2026<\/td><\/tr><tr><td class=\"has-text-align-center\" data-align=\"center\">\u00a09.<\/td><td>24 lutego rozpoczynaj\u0105 si\u0119 zapisy na Weekend dla Narzeczonych, kt\u00f3ry odb\u0119dzie si\u0119 w dniach 24-26 kwietnia w Bytowie.<\/td><\/tr><tr><td class=\"has-text-align-center\" data-align=\"center\">\u00a010.<\/td><td>\u201eCaritas Diecezji Pelpli\u0144skiej zwraca si\u0119 z pro\u015bb\u0105 o przekazanie 1,5% podatku dochodowego. Numer KRS 0000252333. W\u0142\u0105czmy si\u0119 jak najliczniej w to wielkie dzie\u0142o pomocy drugiemu cz\u0142owiekowi. Caritas pomaga dzieciom, codziennie wspiera niepe\u0142nosprawnych, chorych i ubogich, otacza opiek\u0105 osoby poszkodowane przez wojny i kl\u0119ski \u017cywio\u0142owe. Oka\u017cmy serce, tym kt\u00f3rzy potrzebuj\u0105 naszej pomocy. Za ka\u017cde wsparcie serdecznie dzi\u0119kujemy\u201d.<\/td><\/tr><tr><td class=\"has-text-align-center\" data-align=\"center\">\u00a011.<\/td><td>Collegium Marianum Liceum Katolickie im. Jana Paw\u0142a II w Pelplinie zaprasza tegorocznych absolwent\u00f3w szko\u0142y podstawowej oraz inne osoby zainteresowane dzia\u0142alno\u015bci\u0105 szko\u0142y na dni otwarte. Odb\u0119d\u0105 si\u0119 one w soboty 7 marca i 18 kwietnia 2026 r. w godz. od 10.00 do 13.00. Collegium Marianum w tym roku obchodzi 190 rocznic\u0119 powstania, a od sze\u015bciu lat jest szko\u0142\u0105 koedukacyjn\u0105 z m\u0119skim internatem. Od lat cieszy si\u0119 nie tylko bogat\u0105 histori\u0105, ale wysokim poziomem nauczania i trosk\u0105 o \u017cycie duchowe swoich wychowank\u00f3w. Bli\u017csze informacje na temat dzia\u0142alno\u015bci szko\u0142y mo\u017cna znale\u017a\u0107 na stronie: www.collegiummarianum.pl.<\/td><\/tr><\/tbody><\/table><\/figure>\n\n\n\n<figure class=\"wp-block-table\"><table><tbody><tr><td class=\"has-text-align-center\" data-align=\"center\" colspan=\"3\"><strong>&nbsp;<\/strong> <strong><u>Intencje mszalne &#8211; Parafia \u015bw. Miko\u0142aja w Parchowie<\/u><\/strong> <strong>&nbsp;<\/strong><\/td><\/tr><tr><td class=\"has-text-align-center\" data-align=\"center\" rowspan=\"2\"><strong><u><br>Poniedzia\u0142ek<\/u><\/strong> 23.02.2026<\/td><td><strong>7:00<\/strong><\/td><td><strong>Kaplica si\u00f3str: <\/strong>&#8211; o zdr., b\u0142. Bo\u017ce dla Parafian, szczeg\u00f3lnie o zdrowie i szcz\u0119\u015bliw\u0105 operacj\u0119 dla Franka<\/td><\/tr><tr><td class=\"has-text-align-center\" data-align=\"center\"><strong>17:00<\/strong><\/td><td>+ J\u00f3zefa i W\u0142adys\u0142aw Du\u0142ak w d. ur. Matki \u2013 int. rodziny &nbsp;<\/td><\/tr><tr><td class=\"has-text-align-center\" data-align=\"center\" rowspan=\"2\"><strong><u>Wtorek<\/u><\/strong> <br>24.02.2026<\/td><td><strong>7:00<\/strong><\/td><td><strong>Kaplica si\u00f3str: <\/strong>+ rodz. chrz. Anna i Feliks Hering \u2013 int. chrze\u015bniaczki<\/td><\/tr><tr><td class=\"has-text-align-center\" data-align=\"center\"><strong>17:00<\/strong><\/td><td>+ rodz. Barbara i Franciszek Pepli\u0144scy w r. \u015bm. ojca \u2013 int. rodziny<\/td><\/tr><tr><td class=\"has-text-align-center\" data-align=\"center\" rowspan=\"3\"><strong><u>\u015aroda<\/u><\/strong> <br>25.02.2026<\/td><td><strong>7:00<\/strong><\/td><td><strong>Kaplica si\u00f3str: <\/strong>+ Teresa i Antoni, Tomasz i Pawe\u0142 Piwowarczyk, Monika Kaniowska<\/td><\/tr><tr><td class=\"has-text-align-center\" data-align=\"center\"><strong>17:00<\/strong><\/td><td>+ zm. Z rodziny Ga\u0144skich i Grzenkowskich<\/td><\/tr><tr><td class=\"has-text-align-center\" data-align=\"center\"><strong>17:30<\/strong><\/td><td><strong>Adoracja Naj\u015bwi\u0119tszego Sakramentu<\/strong><\/td><\/tr><tr><td class=\"has-text-align-center\" data-align=\"center\" rowspan=\"3\"><strong><u>Czwartek<\/u><\/strong> <br>26.02.2026<\/td><td><strong>7:00<\/strong><\/td><td><strong>Kaplica si\u00f3str: &#8211; int. ucz. pogrzebu:<\/strong> + Leszek Treder, +Honorata Majkowska, +Urszula Szyca,+ Klemens Bukowski, +Urszula Szyca, + Waldemar Jereczek, + Czes\u0142aw Orlikowski, + Wac\u0142aw Ga\u0144ski<\/td><\/tr><tr><td class=\"has-text-align-center\" data-align=\"center\"><strong>16:00<\/strong><\/td><td><strong>Adoracja Naj\u015bwi\u0119tszego Sakramentu<\/strong><\/td><\/tr><tr><td class=\"has-text-align-center\" data-align=\"center\"><strong>17:00<\/strong><\/td><td>+ rodz. Gliszczy\u0144scy i Marmo\u0142owscy<\/td><\/tr><tr><td class=\"has-text-align-center\" data-align=\"center\" rowspan=\"4\"><strong><u>Pi\u0105tek<\/u><\/strong> <br>27.02.2026<\/td><td><strong>7:00<\/strong><\/td><td><strong>Kaplica si\u00f3str: <\/strong>&#8211;&nbsp; int. Si\u00f3str<\/td><\/tr><tr><td class=\"has-text-align-center\" data-align=\"center\"><strong>17:00<\/strong><\/td><td><strong>Droga Krzy\u017cowa<\/strong><strong><\/strong><\/td><\/tr><tr><td class=\"has-text-align-center\" data-align=\"center\"><strong>17:30<\/strong><\/td><td>+ Helena, Jan, syn Jan Dziaren<\/td><\/tr><tr><td class=\"has-text-align-center\" data-align=\"center\"><strong>18:00<\/strong><\/td><td><strong>Adoracja Naj\u015bwi\u0119tszego Sakramentu w intencji wynagradzaj\u0105cej<\/strong><\/td><\/tr><tr><td class=\"has-text-align-center\" data-align=\"center\" rowspan=\"2\"><strong><u>Sobota<\/u><\/strong> <br>28.02.2026<\/td><td><strong>7:00<\/strong><\/td><td><strong>Kaplica si\u00f3str: <\/strong>&#8211; o zdr., b\u0142. Bo\u017ce, op. NMP dla cz\u0142onki\u0144 R\u00f3\u017cy \u015bw. Marii Magdaleny i ich rodzin<\/td><\/tr><tr><td class=\"has-text-align-center\" data-align=\"center\"><strong>17:00<\/strong><\/td><td>+ Helena, Mieczys\u0142aw i Stanis\u0142aw Majkowscy &nbsp;&nbsp;<\/td><\/tr><tr><td class=\"has-text-align-center\" data-align=\"center\" rowspan=\"4\"><strong><u>Niedziela<\/u><\/strong> <br>1.03.2026<\/td><td><strong>7:00<\/strong><\/td><td>+ Helena Buszmann z ok. ur., Irena, Antonina i Bronis\u0142aw Buszmann, Anna i Stanis\u0142aw Wa\u0142dowscy \u00a0\u00a0\u00a0<\/td><\/tr><tr><td class=\"has-text-align-center\" data-align=\"center\"><strong>09:30<\/strong><\/td><td>&#8211; w podz. za otrzymane \u0142aski z pro\u015bb\u0105 o b\u0142. Bo\u017ce, op. NMP dla ma\u0142\u017c. Marii i Andrzeja Flis i ca\u0142ej rodziny \u00a0z ok. 45 r. \u015blubu, oraz za zm. rodzic\u00f3w, zm. z rodz. Flis i Kozickich<\/td><\/tr><tr><td class=\"has-text-align-center\" data-align=\"center\"><strong>11:30<\/strong><\/td><td>&#8211; o b\u0142. Bo\u017ce, op. NMP dla Ma\u0142gorzaty z ok. ur<\/td><\/tr><tr><td class=\"has-text-align-center\" data-align=\"center\"><strong>16:00<\/strong><\/td><td><strong>Gorzkie \u017bale <\/strong><strong><\/strong><\/td><\/tr><\/tbody><\/table><\/figure>\n\n\n\n<p><\/p>\n\n\n\n<p><\/p>\n\n\n\n<p><\/p>\n","protected":false},"excerpt":{"rendered":"<p>&nbsp; I Niedziela Wielkiego Postu &nbsp;\u2013 22 lutego 2026r. &nbsp; \u00a01. Za tydzie\u0144 zbi\u00f3rka do puszek na rzecz polskich misjonarzy z okazji niedzieli \u201eAd &hellip;<\/p>\n","protected":false},"author":1,"featured_media":253,"comment_status":"closed","ping_status":"closed","sticky":false,"template":"","format":"standard","meta":{"footnotes":""},"categories":[5],"tags":[],"class_list":["post-1652","post","type-post","status-publish","format-standard","has-post-thumbnail","hentry","category-ogloszenia"],"_links":{"self":[{"href":"https:\/\/parafiaparchowo.pl\/index.php?rest_route=\/wp\/v2\/posts\/1652","targetHints":{"allow":["GET"]}}],"collection":[{"href":"https:\/\/parafiaparchowo.pl\/index.php?rest_route=\/wp\/v2\/posts"}],"about":[{"href":"https:\/\/parafiaparchowo.pl\/index.php?rest_route=\/wp\/v2\/types\/post"}],"author":[{"embeddable":true,"href":"https:\/\/parafiaparchowo.pl\/index.php?rest_route=\/wp\/v2\/users\/1"}],"replies":[{"embeddable":true,"href":"https:\/\/parafiaparchowo.pl\/index.php?rest_route=%2Fwp%2Fv2%2Fcomments&post=1652"}],"version-history":[{"count":1,"href":"https:\/\/parafiaparchowo.pl\/index.php?rest_route=\/wp\/v2\/posts\/1652\/revisions"}],"predecessor-version":[{"id":2035,"href":"https:\/\/parafiaparchowo.pl\/index.php?rest_route=\/wp\/v2\/posts\/1652\/revisions\/2035"}],"wp:featuredmedia":[{"embeddable":true,"href":"https:\/\/parafiaparchowo.pl\/index.php?rest_route=\/wp\/v2\/media\/253"}],"wp:attachment":[{"href":"https:\/\/parafiaparchowo.pl\/index.php?rest_route=%2Fwp%2Fv2%2Fmedia&parent=1652"}],"wp:term":[{"taxonomy":"category","embeddable":true,"href":"https:\/\/parafiaparchowo.pl\/index.php?rest_route=%2Fwp%2Fv2%2Fcategories&post=1652"},{"taxonomy":"post_tag","embeddable":true,"href":"https:\/\/parafiaparchowo.pl\/index.php?rest_route=%2Fwp%2Fv2%2Ftags&post=1652"}],"curies":[{"name":"wp","href":"https:\/\/api.w.org\/{rel}","templated":true}]}}