{"id":1330,"date":"2024-07-21T07:30:00","date_gmt":"2024-07-21T05:30:00","guid":{"rendered":"https:\/\/parafiaparchowo.pl\/?p=1330"},"modified":"2024-07-14T01:09:50","modified_gmt":"2024-07-13T23:09:50","slug":"ogloszenia-parafialne-xvi-niedziela-zwykla-21-07-2024r","status":"publish","type":"post","link":"https:\/\/parafiaparchowo.pl\/?p=1330","title":{"rendered":"Og\u0142oszenia parafialne \u2013 XVI Niedziela Zwyk\u0142a \u2013 21.07.2024r."},"content":{"rendered":"\n<ol class=\"wp-block-list\">\n<li><strong>W tym tygodniu w liturgii Ko\u015bcio\u0142a obchodzimy:<\/strong>\u00a0<br>&#8211; w poniedzia\u0142ek 22.07. \u2013 \u015bw. Marii Magdaleny\u00a0\u00a0<br>&#8211; we wtorek 23.07. \u2013 \u015bw. Brygidy\u00a0<br>&#8211; w \u015brod\u0119 24.07. \u2013 \u015bw. Kingi<br>&#8211; w czwartek 25.07. \u2013 \u015bw. Jakuba Starszego, Aposto\u0142a\u00a0<br>&#8211; w pi\u0105tek\u00a0 26.07. \u2013 \u015bwi\u0119tych Joachima i Anny<br><\/li>\n\n\n\n<li>Adoracja Naj\u015bwi\u0119tszego Sakramentu w \u015brod\u0119 od 18:30, oraz w czwartek od godz. 16:00 w intencji powo\u0142a\u0144 do kap\u0142a\u0144stwa, s\u0142u\u017cby zakonnej i pracy misyjnej.\u00a0<\/li>\n<\/ol>\n\n\n\n<ol class=\"wp-block-list\" start=\"3\">\n<li>Wczoraj 20 lipca rozpocz\u0105\u0142 si\u0119 w Sianowie odpust ku czci Matki Bo\u017cej Kr\u00f3lowej Kaszub. Szczeg\u00f3\u0142owy plan odpustu znajduje si\u0119 na plakacie w gablocie.\u00a0<\/li>\n<\/ol>\n\n\n\n<ol class=\"wp-block-list\" start=\"4\">\n<li>Dzisiaj po ka\u017cdej Mszy \u015bw. odb\u0119dzie si\u0119 \u015bwi\u0119cenie pojazd\u00f3w z ok. \u015bw. Krzysztofa \u2013 patrona kierowc\u00f3w. Przy tej okazji odbywa si\u0119 zbi\u00f3rka na rzecz MIVA Polska, zebrane \u015brodki przeznaczone b\u0119d\u0105 na zakup \u015brodk\u00f3w transportu dla polskich misjonarzy.\u00a0<\/li>\n<\/ol>\n\n\n\n<ol class=\"wp-block-list\" start=\"5\">\n<li><strong>Zapowiedzi przed\u015blubne<\/strong><br>&#8211; Karol Mania, zam. w Tczewie\u00a0<br>&#8211; Agnieszka B\u0142aszkowska, zam. w Parchowie<\/li>\n<\/ol>\n\n\n\n<figure class=\"wp-block-image size-large\"><img loading=\"lazy\" decoding=\"async\" width=\"724\" height=\"1024\" src=\"https:\/\/parafiaparchowo.pl\/wp-content\/uploads\/2024\/07\/Intencje-21.07.2024-724x1024.jpg\" alt=\"\" class=\"wp-image-1331\" srcset=\"https:\/\/parafiaparchowo.pl\/wp-content\/uploads\/2024\/07\/Intencje-21.07.2024-724x1024.jpg 724w, https:\/\/parafiaparchowo.pl\/wp-content\/uploads\/2024\/07\/Intencje-21.07.2024-212x300.jpg 212w, https:\/\/parafiaparchowo.pl\/wp-content\/uploads\/2024\/07\/Intencje-21.07.2024-768x1086.jpg 768w, https:\/\/parafiaparchowo.pl\/wp-content\/uploads\/2024\/07\/Intencje-21.07.2024-1086x1536.jpg 1086w, https:\/\/parafiaparchowo.pl\/wp-content\/uploads\/2024\/07\/Intencje-21.07.2024.jpg 1242w\" sizes=\"auto, (max-width: 724px) 100vw, 724px\" \/><\/figure>\n","protected":false},"excerpt":{"rendered":"","protected":false},"author":1,"featured_media":253,"comment_status":"closed","ping_status":"closed","sticky":false,"template":"","format":"standard","meta":{"footnotes":""},"categories":[5],"tags":[],"class_list":["post-1330","post","type-post","status-publish","format-standard","has-post-thumbnail","hentry","category-ogloszenia"],"_links":{"self":[{"href":"https:\/\/parafiaparchowo.pl\/index.php?rest_route=\/wp\/v2\/posts\/1330","targetHints":{"allow":["GET"]}}],"collection":[{"href":"https:\/\/parafiaparchowo.pl\/index.php?rest_route=\/wp\/v2\/posts"}],"about":[{"href":"https:\/\/parafiaparchowo.pl\/index.php?rest_route=\/wp\/v2\/types\/post"}],"author":[{"embeddable":true,"href":"https:\/\/parafiaparchowo.pl\/index.php?rest_route=\/wp\/v2\/users\/1"}],"replies":[{"embeddable":true,"href":"https:\/\/parafiaparchowo.pl\/index.php?rest_route=%2Fwp%2Fv2%2Fcomments&post=1330"}],"version-history":[{"count":1,"href":"https:\/\/parafiaparchowo.pl\/index.php?rest_route=\/wp\/v2\/posts\/1330\/revisions"}],"predecessor-version":[{"id":1332,"href":"https:\/\/parafiaparchowo.pl\/index.php?rest_route=\/wp\/v2\/posts\/1330\/revisions\/1332"}],"wp:featuredmedia":[{"embeddable":true,"href":"https:\/\/parafiaparchowo.pl\/index.php?rest_route=\/wp\/v2\/media\/253"}],"wp:attachment":[{"href":"https:\/\/parafiaparchowo.pl\/index.php?rest_route=%2Fwp%2Fv2%2Fmedia&parent=1330"}],"wp:term":[{"taxonomy":"category","embeddable":true,"href":"https:\/\/parafiaparchowo.pl\/index.php?rest_route=%2Fwp%2Fv2%2Fcategories&post=1330"},{"taxonomy":"post_tag","embeddable":true,"href":"https:\/\/parafiaparchowo.pl\/index.php?rest_route=%2Fwp%2Fv2%2Ftags&post=1330"}],"curies":[{"name":"wp","href":"https:\/\/api.w.org\/{rel}","templated":true}]}}