{"id":1327,"date":"2024-07-14T07:30:00","date_gmt":"2024-07-14T05:30:00","guid":{"rendered":"https:\/\/parafiaparchowo.pl\/?p=1327"},"modified":"2024-07-14T01:05:24","modified_gmt":"2024-07-13T23:05:24","slug":"ogloszenia-parafialne-xv-niedziela-zwykla-14-07-2024r","status":"publish","type":"post","link":"https:\/\/parafiaparchowo.pl\/?p=1327","title":{"rendered":"Og\u0142oszenia parafialne \u2013 XV Niedziela Zwyk\u0142a \u2013 14.07.2024r."},"content":{"rendered":"\n<ol class=\"wp-block-list\">\n<li>B\u00f3g zap\u0142a\u0107 za ofiary z\u0142o\u017cone na kolekt\u0119 inwestycyjn\u0105. W zesz\u0142ym miesi\u0105cu zebrali\u015bmy 4180 z\u0142.\u00a0<\/li>\n<\/ol>\n\n\n\n<ol class=\"wp-block-list\" start=\"2\">\n<li>W pi\u0105tek b\u0119dziemy go\u015bci\u0107 w naszej parafii Pielgrzym\u00f3w z Miastka, pielgrzymuj\u0105cych do Sanktuarium Matki Bo\u017cej Kr\u00f3lowej Kaszub w Sianowie.<\/li>\n<\/ol>\n\n\n\n<ol class=\"wp-block-list\" start=\"3\">\n<li><strong>W tym tygodniu w liturgii Ko\u015bcio\u0142a obchodzimy:<\/strong>\u00a0<br>&#8211; w poniedzia\u0142ek 15.07. \u2013 \u015bw. Bonawentury<br>&#8211; we wtorek 16.07. \u2013 NMP z G\u00f3ry Karmel<\/li>\n<\/ol>\n\n\n\n<ol class=\"wp-block-list\" start=\"4\">\n<li>Adoracja Naj\u015bwi\u0119tszego Sakramentu w \u015brod\u0119 od godz. 18:30, oraz w czwartek od godz. 16:00 w intencji powo\u0142a\u0144 do kap\u0142a\u0144stwa, s\u0142u\u017cby zakonnej i pracy misyjnej.<\/li>\n<\/ol>\n\n\n\n<ol class=\"wp-block-list\" start=\"5\">\n<li>Za tydzie\u0144 po Mszach \u015bw. odb\u0119dzie si\u0119 \u015bwi\u0119cenie pojazd\u00f3w z ok. \u015bw. Krzysztofa \u2013 patrona kierowc\u00f3w. Przy tej okazji odbywa si\u0119 zbi\u00f3rka na rzecz MIVA Polska, zebrane \u015brodki przeznaczone b\u0119d\u0105 na zakup \u015brodk\u00f3w transportu dla polskich misjonarzy.\u00a0<\/li>\n<\/ol>\n\n\n\n<ol class=\"wp-block-list\" start=\"6\">\n<li>20 lipca w Sianowie rozpoczyna si\u0119 odpust ku czci Matki Bo\u017cej Kr\u00f3lowej Kaszub. Szczeg\u00f3\u0142owy plan odpustu znajduje si\u0119 na plakacie w gablocie. Zapraszam do udzia\u0142u w odpu\u015bcie.<\/li>\n<\/ol>\n\n\n\n<ol class=\"wp-block-list\" start=\"7\">\n<li>W tym tygodniu b\u0119d\u0119 nieobecny, do niedzieli w\u0142\u0105cznie. Zast\u0119powa\u0107 mnie b\u0119dzie ks. Antoni. W przysz\u0142ym tygodniu od soboty 27.07 wyje\u017cd\u017camy na pielgrzymk\u0119 do Medjugorie, w tym czasie r\u00f3wnie\u017c zast\u0119pstwo b\u0119dzie mia\u0142 ks. Antoni.\u00a0\u00a0<\/li>\n<\/ol>\n\n\n\n<ol class=\"wp-block-list\" start=\"8\">\n<li><strong>Zapowiedzi przed\u015blubne<\/strong><br>&#8211; Karol Mania, zam. w Tczewie\u00a0<br>&#8211; Agnieszka B\u0142aszkowska, zam. w Parchowie<\/li>\n<\/ol>\n\n\n\n<figure class=\"wp-block-image size-large\"><img loading=\"lazy\" decoding=\"async\" width=\"724\" height=\"1024\" src=\"https:\/\/parafiaparchowo.pl\/wp-content\/uploads\/2024\/07\/Intencje-14.07.2024-724x1024.jpg\" alt=\"\" class=\"wp-image-1328\" srcset=\"https:\/\/parafiaparchowo.pl\/wp-content\/uploads\/2024\/07\/Intencje-14.07.2024-724x1024.jpg 724w, https:\/\/parafiaparchowo.pl\/wp-content\/uploads\/2024\/07\/Intencje-14.07.2024-212x300.jpg 212w, https:\/\/parafiaparchowo.pl\/wp-content\/uploads\/2024\/07\/Intencje-14.07.2024-768x1086.jpg 768w, https:\/\/parafiaparchowo.pl\/wp-content\/uploads\/2024\/07\/Intencje-14.07.2024-1086x1536.jpg 1086w, https:\/\/parafiaparchowo.pl\/wp-content\/uploads\/2024\/07\/Intencje-14.07.2024.jpg 1242w\" sizes=\"auto, (max-width: 724px) 100vw, 724px\" \/><\/figure>\n","protected":false},"excerpt":{"rendered":"","protected":false},"author":1,"featured_media":253,"comment_status":"closed","ping_status":"closed","sticky":false,"template":"","format":"standard","meta":{"footnotes":""},"categories":[5],"tags":[],"class_list":["post-1327","post","type-post","status-publish","format-standard","has-post-thumbnail","hentry","category-ogloszenia"],"_links":{"self":[{"href":"https:\/\/parafiaparchowo.pl\/index.php?rest_route=\/wp\/v2\/posts\/1327","targetHints":{"allow":["GET"]}}],"collection":[{"href":"https:\/\/parafiaparchowo.pl\/index.php?rest_route=\/wp\/v2\/posts"}],"about":[{"href":"https:\/\/parafiaparchowo.pl\/index.php?rest_route=\/wp\/v2\/types\/post"}],"author":[{"embeddable":true,"href":"https:\/\/parafiaparchowo.pl\/index.php?rest_route=\/wp\/v2\/users\/1"}],"replies":[{"embeddable":true,"href":"https:\/\/parafiaparchowo.pl\/index.php?rest_route=%2Fwp%2Fv2%2Fcomments&post=1327"}],"version-history":[{"count":1,"href":"https:\/\/parafiaparchowo.pl\/index.php?rest_route=\/wp\/v2\/posts\/1327\/revisions"}],"predecessor-version":[{"id":1329,"href":"https:\/\/parafiaparchowo.pl\/index.php?rest_route=\/wp\/v2\/posts\/1327\/revisions\/1329"}],"wp:featuredmedia":[{"embeddable":true,"href":"https:\/\/parafiaparchowo.pl\/index.php?rest_route=\/wp\/v2\/media\/253"}],"wp:attachment":[{"href":"https:\/\/parafiaparchowo.pl\/index.php?rest_route=%2Fwp%2Fv2%2Fmedia&parent=1327"}],"wp:term":[{"taxonomy":"category","embeddable":true,"href":"https:\/\/parafiaparchowo.pl\/index.php?rest_route=%2Fwp%2Fv2%2Fcategories&post=1327"},{"taxonomy":"post_tag","embeddable":true,"href":"https:\/\/parafiaparchowo.pl\/index.php?rest_route=%2Fwp%2Fv2%2Ftags&post=1327"}],"curies":[{"name":"wp","href":"https:\/\/api.w.org\/{rel}","templated":true}]}}