{"id":1321,"date":"2024-07-07T07:30:00","date_gmt":"2024-07-07T05:30:00","guid":{"rendered":"https:\/\/parafiaparchowo.pl\/?p=1321"},"modified":"2024-07-06T22:53:12","modified_gmt":"2024-07-06T20:53:12","slug":"ogloszenia-parafialne-xiv-niedziela-zwykla-7-07-2024r","status":"publish","type":"post","link":"https:\/\/parafiaparchowo.pl\/?p=1321","title":{"rendered":"Og\u0142oszenia parafialne \u2013 XIV Niedziela Zwyk\u0142a \u2013 7.07.2024r."},"content":{"rendered":"\n<ol class=\"wp-block-list\">\n<li>Za tydzie\u0144\u00a0 kolekta inwestycyjna.<br><\/li>\n\n\n\n<li><strong>W tym tygodniu w liturgii Ko\u015bcio\u0142a obchodzimy:<\/strong>\u00a0<br>&#8211; w poniedzia\u0142ek 8.07. \u2013 \u015bw. Jana z Dukli\u00a0<br>&#8211; w czwartek 11.07. &#8211; \u015bw. Benedykta \u2013 patrona Europy<br>&#8211; w pi\u0105tek 12.07. \u2013 \u015bw. Brunona z Kwerfurtu<br>&#8211; w\u00a0 sobot\u0119 13.07. \u2013 \u015bw. Andrzeja \u015awierada i Benedykta\u00a0\u00a0<br><\/li>\n\n\n\n<li>Adoracja Naj\u015bwi\u0119tszego Sakramentu w \u015brod\u0119 od 18:30, oraz w czwartek od godz. 16:00 w intencji powo\u0142a\u0144 do kap\u0142a\u0144stwa, s\u0142u\u017cby zakonnej i pracy misyjnej.<br><\/li>\n\n\n\n<li>Polecam czasopismo \u201eMisyjne Drogi\u201d.<br><\/li>\n\n\n\n<li>W pi\u0105tek 12.07 na godz. 18:30 zapraszam do ko\u015bcio\u0142a, na spotkanie organizacyjne odno\u015bnie pielgrzymki do Medjugorie.<\/li>\n<\/ol>\n\n\n\n<figure class=\"wp-block-image size-full\"><img loading=\"lazy\" decoding=\"async\" width=\"723\" height=\"1024\" src=\"https:\/\/parafiaparchowo.pl\/wp-content\/uploads\/2024\/07\/intencje-07072024.jpg\" alt=\"\" class=\"wp-image-1324\" srcset=\"https:\/\/parafiaparchowo.pl\/wp-content\/uploads\/2024\/07\/intencje-07072024.jpg 723w, https:\/\/parafiaparchowo.pl\/wp-content\/uploads\/2024\/07\/intencje-07072024-212x300.jpg 212w\" sizes=\"auto, (max-width: 723px) 100vw, 723px\" \/><\/figure>\n","protected":false},"excerpt":{"rendered":"","protected":false},"author":1,"featured_media":253,"comment_status":"closed","ping_status":"closed","sticky":false,"template":"","format":"standard","meta":{"footnotes":""},"categories":[5],"tags":[],"class_list":["post-1321","post","type-post","status-publish","format-standard","has-post-thumbnail","hentry","category-ogloszenia"],"_links":{"self":[{"href":"https:\/\/parafiaparchowo.pl\/index.php?rest_route=\/wp\/v2\/posts\/1321","targetHints":{"allow":["GET"]}}],"collection":[{"href":"https:\/\/parafiaparchowo.pl\/index.php?rest_route=\/wp\/v2\/posts"}],"about":[{"href":"https:\/\/parafiaparchowo.pl\/index.php?rest_route=\/wp\/v2\/types\/post"}],"author":[{"embeddable":true,"href":"https:\/\/parafiaparchowo.pl\/index.php?rest_route=\/wp\/v2\/users\/1"}],"replies":[{"embeddable":true,"href":"https:\/\/parafiaparchowo.pl\/index.php?rest_route=%2Fwp%2Fv2%2Fcomments&post=1321"}],"version-history":[{"count":3,"href":"https:\/\/parafiaparchowo.pl\/index.php?rest_route=\/wp\/v2\/posts\/1321\/revisions"}],"predecessor-version":[{"id":1325,"href":"https:\/\/parafiaparchowo.pl\/index.php?rest_route=\/wp\/v2\/posts\/1321\/revisions\/1325"}],"wp:featuredmedia":[{"embeddable":true,"href":"https:\/\/parafiaparchowo.pl\/index.php?rest_route=\/wp\/v2\/media\/253"}],"wp:attachment":[{"href":"https:\/\/parafiaparchowo.pl\/index.php?rest_route=%2Fwp%2Fv2%2Fmedia&parent=1321"}],"wp:term":[{"taxonomy":"category","embeddable":true,"href":"https:\/\/parafiaparchowo.pl\/index.php?rest_route=%2Fwp%2Fv2%2Fcategories&post=1321"},{"taxonomy":"post_tag","embeddable":true,"href":"https:\/\/parafiaparchowo.pl\/index.php?rest_route=%2Fwp%2Fv2%2Ftags&post=1321"}],"curies":[{"name":"wp","href":"https:\/\/api.w.org\/{rel}","templated":true}]}}