{"id":1316,"date":"2024-06-30T10:49:27","date_gmt":"2024-06-30T08:49:27","guid":{"rendered":"https:\/\/parafiaparchowo.pl\/?p=1316"},"modified":"2024-06-30T10:49:27","modified_gmt":"2024-06-30T08:49:27","slug":"ogloszenia-parafialne-xiii-niedziela-zwykla-30-06-2024r","status":"publish","type":"post","link":"https:\/\/parafiaparchowo.pl\/?p=1316","title":{"rendered":"Og\u0142oszenia parafialne \u2013 XIII Niedziela Zwyk\u0142a \u2013 30.06.2024r."},"content":{"rendered":"\n<ol class=\"wp-block-list\">\n<li><strong>W tym tygodniu w liturgii Ko\u015bcio\u0142a obchodzimy:<\/strong>\u00a0<br>&#8211; w \u015brod\u0119 03.07 \u2013 \u015bwi\u0119to \u015bw. Tomasza Aposto\u0142a<br>&#8211; w sobot\u0119 06.07 \u2013 b\u0142. Marii Teresy Ledochowskiej<br><\/li>\n\n\n\n<li>Adoracja Naj\u015bwi\u0119tszego Sakramentu w \u015brod\u0119 od 18:30, oraz w czwartek od godz. 16:00 w intencji powo\u0142a\u0144 do kap\u0142a\u0144stwa, s\u0142u\u017cby zakonnej i pracy misyjnej. O 18 ci\u0105g dalszy Adoracji i R\u00f3\u017caniec.<br><\/li>\n\n\n\n<li>W I pi\u0105tek miesi\u0105ca dodwiedziny chorych z pos\u0142ug\u0105 sakramentaln\u0105 od godz. 8:30. Spowied\u017a od godziny 16:00<br><\/li>\n\n\n\n<li>Zmar\u0142a nasza parafianka Ewa Dziemi\u0144ska, pogrzeb w poniedzia\u0142ek o godz. 10:00.<br><\/li>\n\n\n\n<li>W tym tygodniu b\u0119d\u0119 nieobecny, zast\u0119powa\u0107 mnie b\u0119dzie ks. Antoni.\u00a0<\/li>\n<\/ol>\n\n\n\n<figure class=\"wp-block-image size-large\"><img loading=\"lazy\" decoding=\"async\" width=\"724\" height=\"1024\" src=\"https:\/\/parafiaparchowo.pl\/wp-content\/uploads\/2024\/06\/Intencje-30.06.2024-724x1024.jpg\" alt=\"\" class=\"wp-image-1317\" srcset=\"https:\/\/parafiaparchowo.pl\/wp-content\/uploads\/2024\/06\/Intencje-30.06.2024-724x1024.jpg 724w, https:\/\/parafiaparchowo.pl\/wp-content\/uploads\/2024\/06\/Intencje-30.06.2024-212x300.jpg 212w, https:\/\/parafiaparchowo.pl\/wp-content\/uploads\/2024\/06\/Intencje-30.06.2024-768x1086.jpg 768w, https:\/\/parafiaparchowo.pl\/wp-content\/uploads\/2024\/06\/Intencje-30.06.2024-1086x1536.jpg 1086w, https:\/\/parafiaparchowo.pl\/wp-content\/uploads\/2024\/06\/Intencje-30.06.2024.jpg 1242w\" sizes=\"auto, (max-width: 724px) 100vw, 724px\" \/><\/figure>\n","protected":false},"excerpt":{"rendered":"","protected":false},"author":1,"featured_media":253,"comment_status":"closed","ping_status":"closed","sticky":false,"template":"","format":"standard","meta":{"footnotes":""},"categories":[5],"tags":[],"class_list":["post-1316","post","type-post","status-publish","format-standard","has-post-thumbnail","hentry","category-ogloszenia"],"_links":{"self":[{"href":"https:\/\/parafiaparchowo.pl\/index.php?rest_route=\/wp\/v2\/posts\/1316","targetHints":{"allow":["GET"]}}],"collection":[{"href":"https:\/\/parafiaparchowo.pl\/index.php?rest_route=\/wp\/v2\/posts"}],"about":[{"href":"https:\/\/parafiaparchowo.pl\/index.php?rest_route=\/wp\/v2\/types\/post"}],"author":[{"embeddable":true,"href":"https:\/\/parafiaparchowo.pl\/index.php?rest_route=\/wp\/v2\/users\/1"}],"replies":[{"embeddable":true,"href":"https:\/\/parafiaparchowo.pl\/index.php?rest_route=%2Fwp%2Fv2%2Fcomments&post=1316"}],"version-history":[{"count":2,"href":"https:\/\/parafiaparchowo.pl\/index.php?rest_route=\/wp\/v2\/posts\/1316\/revisions"}],"predecessor-version":[{"id":1319,"href":"https:\/\/parafiaparchowo.pl\/index.php?rest_route=\/wp\/v2\/posts\/1316\/revisions\/1319"}],"wp:featuredmedia":[{"embeddable":true,"href":"https:\/\/parafiaparchowo.pl\/index.php?rest_route=\/wp\/v2\/media\/253"}],"wp:attachment":[{"href":"https:\/\/parafiaparchowo.pl\/index.php?rest_route=%2Fwp%2Fv2%2Fmedia&parent=1316"}],"wp:term":[{"taxonomy":"category","embeddable":true,"href":"https:\/\/parafiaparchowo.pl\/index.php?rest_route=%2Fwp%2Fv2%2Fcategories&post=1316"},{"taxonomy":"post_tag","embeddable":true,"href":"https:\/\/parafiaparchowo.pl\/index.php?rest_route=%2Fwp%2Fv2%2Ftags&post=1316"}],"curies":[{"name":"wp","href":"https:\/\/api.w.org\/{rel}","templated":true}]}}