{"id":1313,"date":"2024-06-23T07:30:00","date_gmt":"2024-06-23T05:30:00","guid":{"rendered":"https:\/\/parafiaparchowo.pl\/?p=1313"},"modified":"2024-06-23T00:52:08","modified_gmt":"2024-06-22T22:52:08","slug":"ogloszenia-parafialne-xii-niedziela-zwykla-23-06-2024r","status":"publish","type":"post","link":"https:\/\/parafiaparchowo.pl\/?p=1313","title":{"rendered":"Og\u0142oszenia parafialne \u2013 XII Niedziela Zwyk\u0142a \u2013 23.06.2024r."},"content":{"rendered":"\n<ol class=\"wp-block-list\">\n<li><strong>W tym tygodniu w liturgii Ko\u015bcio\u0142a obchodzimy:<\/strong>\u00a0<br>&#8211; w poniedzia\u0142ek 24.06 \u2013 Uroczysto\u015b\u0107 Narodzenia \u015bw. Jana Chrzciciela\u00a0<br>&#8211; w \u015brod\u0119 26.06 \u2013 \u015bw. Cyryla Aleksandryjskiego, \u015bw. Zygmunta Gorazdowskiego\u00a0<br>&#8211; w czwartek 27.06 \u2013 Uroczysto\u015b\u0107 NMP Nieustaj\u0105cej Pomocy \u2013 G\u0142. Patronki Diecezji<br>&#8211; w pi\u0105tek 28.06 \u2013 \u015bw. Ireneusza\u00a0<br>&#8211; w sobot\u0119 29. 06 \u2013 Uroczysto\u015b\u0107 \u015awi\u0119tych Aposto\u0142\u00f3w Piotra i Paw\u0142a<br><\/li>\n\n\n\n<li>Adoracja Naj\u015bwi\u0119tszego Sakramentu w \u015brod\u0119 od 18:30, oraz w czwartek od godz. 16:00 w intencji powo\u0142a\u0144 do kap\u0142a\u0144stwa, s\u0142u\u017cby zakonnej i pracy misyjnej.<\/li>\n<\/ol>\n\n\n\n<ol class=\"wp-block-list\" start=\"3\">\n<li>W pi\u0105tek po wieczornej Mszy \u015bw. rozpocznie si\u0119 Adoracja Naj\u015bwi\u0119tszego Sakramentu w intencji wynagradzaj\u0105cej, potrwa do godziny 23:00. Adoracja b\u0119dzie cz\u0119\u015bciowo w ciszy, cz\u0119\u015bciowo z prowadzonymi modlitwami. O pe\u0142nych godzinach b\u0119d\u0105 modlitwy. Godz. 19:00 \u2013 R\u00f3\u017caniec, o godz. 20:00 \u2013 Koronka do Bo\u017cego Mi\u0142osierdzia, o godz. 21:00 rozwa\u017canie, o godz. 22:00 \u2013 R\u00f3\u017caniec. O 23:00 zako\u0144czenie Adoracji i b\u0142ogos\u0142awie\u0144stwo.\u00a0<\/li>\n<\/ol>\n\n\n\n<ol class=\"wp-block-list\" start=\"4\">\n<li>Zapraszam dzieci do wzi\u0119cia udzia\u0142u w Obozie Misyjnym, kt\u00f3ry odb\u0119dzie si\u0119 w Bys\u0142awku w dniach od 1 \u2013 6 lipca. To forma wakacji z Bogiem prowadzonych przez Kleryckie Ko\u0142o Misyjne. Obozowanie odbywa si\u0119 pod namiotami. Koszt 500 z\u0142. Zg\u0142oszenia i szczeg\u00f3\u0142owe informacje u ks. proboszcza. Ilo\u015b\u0107 miejsc jest ograniczona. Termin zg\u0142osze\u0144 do \u015brody 26 czerwca.\u00a0<\/li>\n<\/ol>\n\n\n\n<figure class=\"wp-block-image size-large\"><img loading=\"lazy\" decoding=\"async\" width=\"724\" height=\"1024\" src=\"https:\/\/parafiaparchowo.pl\/wp-content\/uploads\/2024\/06\/Intencje-23.06.2024-724x1024.jpg\" alt=\"\" class=\"wp-image-1314\" srcset=\"https:\/\/parafiaparchowo.pl\/wp-content\/uploads\/2024\/06\/Intencje-23.06.2024-724x1024.jpg 724w, https:\/\/parafiaparchowo.pl\/wp-content\/uploads\/2024\/06\/Intencje-23.06.2024-212x300.jpg 212w, https:\/\/parafiaparchowo.pl\/wp-content\/uploads\/2024\/06\/Intencje-23.06.2024-768x1086.jpg 768w, https:\/\/parafiaparchowo.pl\/wp-content\/uploads\/2024\/06\/Intencje-23.06.2024-1086x1536.jpg 1086w, https:\/\/parafiaparchowo.pl\/wp-content\/uploads\/2024\/06\/Intencje-23.06.2024.jpg 1242w\" sizes=\"auto, (max-width: 724px) 100vw, 724px\" \/><\/figure>\n","protected":false},"excerpt":{"rendered":"","protected":false},"author":1,"featured_media":253,"comment_status":"closed","ping_status":"closed","sticky":false,"template":"","format":"standard","meta":{"footnotes":""},"categories":[5],"tags":[],"class_list":["post-1313","post","type-post","status-publish","format-standard","has-post-thumbnail","hentry","category-ogloszenia"],"_links":{"self":[{"href":"https:\/\/parafiaparchowo.pl\/index.php?rest_route=\/wp\/v2\/posts\/1313","targetHints":{"allow":["GET"]}}],"collection":[{"href":"https:\/\/parafiaparchowo.pl\/index.php?rest_route=\/wp\/v2\/posts"}],"about":[{"href":"https:\/\/parafiaparchowo.pl\/index.php?rest_route=\/wp\/v2\/types\/post"}],"author":[{"embeddable":true,"href":"https:\/\/parafiaparchowo.pl\/index.php?rest_route=\/wp\/v2\/users\/1"}],"replies":[{"embeddable":true,"href":"https:\/\/parafiaparchowo.pl\/index.php?rest_route=%2Fwp%2Fv2%2Fcomments&post=1313"}],"version-history":[{"count":1,"href":"https:\/\/parafiaparchowo.pl\/index.php?rest_route=\/wp\/v2\/posts\/1313\/revisions"}],"predecessor-version":[{"id":1315,"href":"https:\/\/parafiaparchowo.pl\/index.php?rest_route=\/wp\/v2\/posts\/1313\/revisions\/1315"}],"wp:featuredmedia":[{"embeddable":true,"href":"https:\/\/parafiaparchowo.pl\/index.php?rest_route=\/wp\/v2\/media\/253"}],"wp:attachment":[{"href":"https:\/\/parafiaparchowo.pl\/index.php?rest_route=%2Fwp%2Fv2%2Fmedia&parent=1313"}],"wp:term":[{"taxonomy":"category","embeddable":true,"href":"https:\/\/parafiaparchowo.pl\/index.php?rest_route=%2Fwp%2Fv2%2Fcategories&post=1313"},{"taxonomy":"post_tag","embeddable":true,"href":"https:\/\/parafiaparchowo.pl\/index.php?rest_route=%2Fwp%2Fv2%2Ftags&post=1313"}],"curies":[{"name":"wp","href":"https:\/\/api.w.org\/{rel}","templated":true}]}}