{"id":1072,"date":"2024-01-07T01:34:05","date_gmt":"2024-01-07T00:34:05","guid":{"rendered":"https:\/\/parafiaparchowo.pl\/?p=1072"},"modified":"2024-01-07T01:34:06","modified_gmt":"2024-01-07T00:34:06","slug":"katecheza-eucharystyczna-19-ambona-miejsce-z-ktorego-bog-nas-karmi-swoim-slowem","status":"publish","type":"post","link":"https:\/\/parafiaparchowo.pl\/?p=1072","title":{"rendered":"KATECHEZA EUCHARYSTYCZNA \u2013 19. Ambona \u2013 miejsce, z kt\u00f3rego B\u00f3g nas karmi swoim S\u0142owem"},"content":{"rendered":"\n<p>Czy zastanawia\u0142e\u015b si\u0119 kiedy\u015b, jak wa\u017cnym miejscem w ko\u015bciele jest ambona,<br>z kt\u00f3rej g\u0142osi si\u0119 S\u0142owo Bo\u017ce? Ko\u015bci\u00f3\u0142 naucza nas, \u017ce w ka\u017cdej Mszy \u015bwi\u0119tej przygotowany<br>jest dla nas st\u00f3\u0142 S\u0142owa Bo\u017cego i Cia\u0142a Chrystusa, z kt\u00f3rego wierni otrzymuj\u0105 nauk\u0119<br>i pokarm (KL 8). A poniewa\u017c liturgia s\u0142owa i liturgia eucharystyczna tak \u015bci\u015ble wi\u0105\u017c\u0105 si\u0119<br>ze sob\u0105, \u017ce stanowi\u0105 jeden akt kultu (KL 56), oznacza to, \u017ce karmienie si\u0119 S\u0142owem Bo\u017cym<br>podczas Mszy \u015bwi\u0119tej jest tak samo wa\u017cne, jak karmienie si\u0119 komuni\u0105 \u015bwi\u0119t\u0105. Zastan\u00f3wmy<br>si\u0119 wi\u0119c dzi\u015b, co to znaczy, \u017ce S\u0142owo Bo\u017ce jest pokarmem i jak si\u0119 nim karmi\u0107. Pomo\u017ce<br>nam to lepiej wej\u015b\u0107 w liturgi\u0119 S\u0142owa Bo\u017cego, kt\u00f3ra chyba wci\u0105\u017c jest przez nas<br>niedoceniana, bo \u2013 u\u017cywaj\u0105c j\u0119zyka kulinarnego &#8211; czytania mszalne i homili\u0119 traktujemy<br>bardziej jako \u201eprzystawk\u0119\u201d do g\u0142\u00f3wnego dania, jakim jest komunia \u015bwi\u0119ta, zamiast<br>traktowa\u0107 je jako pierwsze i drugie danie, kt\u00f3rym Pan B\u00f3g karmi nas podczas ka\u017cdej Eucharystii.<br>Co wi\u0119c znaczy, \u017ce S\u0142owo Bo\u017ce jest pokarmem? Naj\u0142atwiej zrozumie\u0107 to w \u015bwietle s\u0142\u00f3w<br>Jezusa: \u201eNie samym chlebem \u017cyje cz\u0142owiek, ale ka\u017cdy S\u0142owem, kt\u00f3re pochodzi z ust<br>Bo\u017cych\u201d. Oznacza to, \u017ce ka\u017cde S\u0142owo Bo\u017ce, nawet to, kt\u00f3re jest trudne i niezrozumia\u0142e<br>karmi g\u0142\u00f3d naszego serca.<br>Kiedy Jezus m\u00f3wi, \u017ce ka\u017cde S\u0142owo Bo\u017ce jest pokarmem, jest to dla nas najpierw<br>przypomnienie, \u017ce ka\u017cdy z nas ma cia\u0142o, kt\u00f3re potrzebuje pokarmu oraz dusz\u0119 \u2013 kt\u00f3ra te\u017c<br>potrzebuje odpowiedniego od\u017cywiania si\u0119. Kiedy cz\u0142owiek \u017ale si\u0119 od\u017cywia \u2013 choruje, \u017ale<br>wygl\u0105da, \u017ale si\u0119 czuje, a nawet mo\u017ce umrze\u0107. Dok\u0142adnie tak samo dzieje si\u0119, kiedy nie<br>karmimy odpowiednio naszej duszy. Jest ona tak skonstruowana, \u017ce nie zaspokoi jej \u017cadna<br>stworzona rzecz na tym \u015bwiecie. Im wcze\u015bniej to odkryjemy, tym dla nas lepiej. Mo\u017cemy<br>co prawda zachowywa\u0107 si\u0119 jak m\u0142odszy syn z ewangelicznej przypowie\u015bci, odej\u015b\u0107 od Ojca<br>i szuka\u0107 szcz\u0119\u015bcia we wszystkich ziemskich przyjemno\u015bciach. Koniec ko\u0144c\u00f3w, z b\u00f3lem<br>w sercu, sprawdzaj\u0105c to na sobie, i nieraz marnuj\u0105c ca\u0142e \u017cycie, odkryjemy, \u017ce tylko B\u00f3g<br>zaspokoi najg\u0142\u0119bsze pragnienia naszego serca. Wynika to z bardzo prostej prawdy: skoro<br>jeste\u015bmy stworzeni na obraz i podobie\u0144stwo Boga, to musimy mie\u0107 w sobie co\u015b po Bogu \u2013<br>naszym niebieskim Tacie i by\u0107 w czym\u015b do Niego podobni. Tym czym\u015b jest najg\u0142\u0119bsza<br>cz\u0119\u015b\u0107 ka\u017cdego z nas &#8211; dusza z\u0142o\u017cona z boskiego DNA, kt\u00f3ra b\u0119dzie szcz\u0119\u015bliwa w pe\u0142ni<br>wy\u0142\u0105cznie wtedy, gdy nakarmimy j\u0105 odpowiednim dla niej, a wi\u0119c niebia\u0144skim pokarmem.<br>Takim pokarmem jest w\u0142a\u015bnie S\u0142owo Bo\u017ce. Jest to najczystszy, najdoskonalszy<br>i najbardziej syc\u0105cy pokarm, bo S\u0142owo Bo\u017ce to przecie\u017c sam Jezus Chrystus, o kt\u00f3rym<br>\u015bpiewamy w jednej z pie\u015bni \u201ePanie, pragnienia ludzkich serc Ty zaspokoisz sam\u201d. Skoro<br>tak, skoro ka\u017cde S\u0142owo jest najlepszym pokarmem, musimy nauczy\u0107 si\u0119 uwa\u017cnie s\u0142ucha\u0107<br>czyta\u0144 liturgicznych podczas Mszy \u015bwi\u0119tej. Najlepiej r\u00f3wnie\u017c w domu codziennie,<br>regularnie czyta\u0107 Bibli\u0119 i traktowa\u0107 jako \u015bniadanie, obiad czy kolacj\u0119 dla swojego serca.<br>Nie musimy od razu wszystkiego rozumie\u0107. Zrozumienie przychodzi z czasem.<br>Zrozumienie to pokarm dla naszego rozumu, o kt\u00f3rym powiemy w nast\u0119pnej katechezie.<br>A gdy tego rozumienia brakuje, traktujmy Bibli\u0119 jako suchy, ale syc\u0105cy chleb dla naszego<br>serca. Oznacza to, \u017ce ka\u017cde S\u0142owo, niczym okruszek chleba, jest warto\u015bciowym<br>i najlepszym pokarmem.<br>Kiedy cz\u0142owiek jest najedzony, jest po prostu szcz\u0119\u015bliwy. Oznak\u0105, \u017ce nasze serce g\u0142oduje<br>jest to, \u017ce czujemy, i\u017c B\u00f3g nam nie wystarcza i szukamy szcz\u0119\u015bcia, zazwyczaj nie tam,<br>gdzie trzeba. M\u00f3wi\u0105c bardziej konkretnie: je\u015bli do\u015bwiadczasz jakiej\u015b pustki w sercu,<br>samotno\u015bci, braku rado\u015bci, l\u0119ku i jeste\u015b nieszcz\u0119\u015bliwy \u2013 mo\u017ce to oznacza\u0107, \u017ce serce nie<br>otrzymuje takiego pokarmu, jaki powinno. Pierwsz\u0105 rzecz\u0105, kt\u00f3r\u0105 trzeba wtedy zrobi\u0107, jest<br>zacz\u0105\u0107 karmi\u0107 si\u0119 S\u0142owem Bo\u017cym, a wi\u0119c z najwi\u0119ksz\u0105 uwag\u0105 s\u0142ucha\u0107 Go na liturgii<br>i czyta\u0107 je w domu. Po kr\u00f3tkim czasie powinni\u015bmy dostrzec r\u00f3\u017cnic\u0119 i zauwa\u017cy\u0107, \u017ce<br>czujemy si\u0119 znacznie lepiej. Wymaga to dw\u00f3ch wa\u017cnych postaw: cierpliwo\u015bci \u2013 bo efekt\u00f3w<br>dobrego, tak jak i z\u0142ego od\u017cywiania nie zauwa\u017cy si\u0119 od razu, ale dopiero po jakim\u015b czasie,<br>oraz systematyczno\u015bci, bo trzeba karmi\u0107 si\u0119 s\u0142owem codziennie, a o t\u0119 systematyczno\u015b\u0107<br>b\u0119dzie toczy\u0107 si\u0119 najwi\u0119ksza walka.<br>Ju\u017c za chwil\u0119 rozpocznie si\u0119 Msza \u015bwi\u0119ta, w kt\u00f3rej B\u00f3g b\u0119dzie chcia\u0142 zaspokoi\u0107 najwi\u0119ksze<br>g\u0142ody twojego serca. Ws\u0142uchaj si\u0119 uwa\u017cnie w ka\u017cde S\u0142owo, a na pewno natrafisz na takie,<br>kt\u00f3re jest Ci potrzebne w\u0142a\u015bnie teraz jako najlepszy pokarm dla twego serca.<\/p>\n","protected":false},"excerpt":{"rendered":"<p>Czy zastanawia\u0142e\u015b si\u0119 kiedy\u015b, jak wa\u017cnym miejscem w ko\u015bciele jest ambona,z kt\u00f3rej g\u0142osi si\u0119 S\u0142owo Bo\u017ce? Ko\u015bci\u00f3\u0142 naucza nas, \u017ce w ka\u017cdej Mszy \u015bwi\u0119tej &hellip;<\/p>\n","protected":false},"author":1,"featured_media":984,"comment_status":"closed","ping_status":"closed","sticky":false,"template":"","format":"standard","meta":{"footnotes":""},"categories":[4],"tags":[],"class_list":["post-1072","post","type-post","status-publish","format-standard","has-post-thumbnail","hentry","category-aktualnosci"],"_links":{"self":[{"href":"https:\/\/parafiaparchowo.pl\/index.php?rest_route=\/wp\/v2\/posts\/1072","targetHints":{"allow":["GET"]}}],"collection":[{"href":"https:\/\/parafiaparchowo.pl\/index.php?rest_route=\/wp\/v2\/posts"}],"about":[{"href":"https:\/\/parafiaparchowo.pl\/index.php?rest_route=\/wp\/v2\/types\/post"}],"author":[{"embeddable":true,"href":"https:\/\/parafiaparchowo.pl\/index.php?rest_route=\/wp\/v2\/users\/1"}],"replies":[{"embeddable":true,"href":"https:\/\/parafiaparchowo.pl\/index.php?rest_route=%2Fwp%2Fv2%2Fcomments&post=1072"}],"version-history":[{"count":1,"href":"https:\/\/parafiaparchowo.pl\/index.php?rest_route=\/wp\/v2\/posts\/1072\/revisions"}],"predecessor-version":[{"id":1075,"href":"https:\/\/parafiaparchowo.pl\/index.php?rest_route=\/wp\/v2\/posts\/1072\/revisions\/1075"}],"wp:featuredmedia":[{"embeddable":true,"href":"https:\/\/parafiaparchowo.pl\/index.php?rest_route=\/wp\/v2\/media\/984"}],"wp:attachment":[{"href":"https:\/\/parafiaparchowo.pl\/index.php?rest_route=%2Fwp%2Fv2%2Fmedia&parent=1072"}],"wp:term":[{"taxonomy":"category","embeddable":true,"href":"https:\/\/parafiaparchowo.pl\/index.php?rest_route=%2Fwp%2Fv2%2Fcategories&post=1072"},{"taxonomy":"post_tag","embeddable":true,"href":"https:\/\/parafiaparchowo.pl\/index.php?rest_route=%2Fwp%2Fv2%2Ftags&post=1072"}],"curies":[{"name":"wp","href":"https:\/\/api.w.org\/{rel}","templated":true}]}}