{"id":1071,"date":"2024-01-07T07:30:00","date_gmt":"2024-01-07T06:30:00","guid":{"rendered":"https:\/\/parafiaparchowo.pl\/?p=1071"},"modified":"2024-01-07T01:32:06","modified_gmt":"2024-01-07T00:32:06","slug":"ogloszenia-parafialne-niedziela-7-01-2024r","status":"publish","type":"post","link":"https:\/\/parafiaparchowo.pl\/?p=1071","title":{"rendered":"Og\u0142oszenia parafialne \u2013 Niedziela \u2013 7.01.2024r."},"content":{"rendered":"\n<ol class=\"wp-block-list\">\n<li>Za tydzie\u0144 w drug\u0105 niedziel\u0119 miesi\u0105ca kolekta inwestycyjna.<\/li>\n<\/ol>\n\n\n\n<ol class=\"wp-block-list\" start=\"2\">\n<li>Dzisiaj ko\u0144czy si\u0119 liturgiczny czas Bo\u017cego Narodzenia, ale tradycyjnie \u015bpiew kol\u0119d i wystr\u00f3j \u015bwi\u0105teczny trwa do 2 lutego.<\/li>\n<\/ol>\n\n\n\n<ol class=\"wp-block-list\" start=\"3\">\n<li>W \u015brod\u0119 i czwartek, adoracja Naj\u015bwi\u0119tszego Sakramentu przed msz\u0105 \u015bwi\u0119t\u0105 od godz. 8:30.<br><\/li>\n\n\n\n<li>We wtorek 9 stycznia, kol\u0119da na ul. Kartuskiej od rodziny Grota i Parchowski M\u0142yn rozpocznie si\u0119 godzin\u0119 p\u00f3\u017aniej ni\u017c wcze\u015bniej zaplanowano, czyli od godz. 13:00.<\/li>\n<\/ol>\n\n\n\n<figure class=\"wp-block-image size-large\"><img loading=\"lazy\" decoding=\"async\" width=\"724\" height=\"1024\" src=\"https:\/\/parafiaparchowo.pl\/wp-content\/uploads\/2024\/01\/Intencje-mszalne-07.01.2024r-724x1024.jpg\" alt=\"\" class=\"wp-image-1073\" srcset=\"https:\/\/parafiaparchowo.pl\/wp-content\/uploads\/2024\/01\/Intencje-mszalne-07.01.2024r-724x1024.jpg 724w, https:\/\/parafiaparchowo.pl\/wp-content\/uploads\/2024\/01\/Intencje-mszalne-07.01.2024r-212x300.jpg 212w, https:\/\/parafiaparchowo.pl\/wp-content\/uploads\/2024\/01\/Intencje-mszalne-07.01.2024r-768x1086.jpg 768w, https:\/\/parafiaparchowo.pl\/wp-content\/uploads\/2024\/01\/Intencje-mszalne-07.01.2024r-1086x1536.jpg 1086w, https:\/\/parafiaparchowo.pl\/wp-content\/uploads\/2024\/01\/Intencje-mszalne-07.01.2024r-1448x2048.jpg 1448w, https:\/\/parafiaparchowo.pl\/wp-content\/uploads\/2024\/01\/Intencje-mszalne-07.01.2024r.jpg 1656w\" sizes=\"auto, (max-width: 724px) 100vw, 724px\" \/><\/figure>\n","protected":false},"excerpt":{"rendered":"","protected":false},"author":1,"featured_media":253,"comment_status":"closed","ping_status":"closed","sticky":false,"template":"","format":"standard","meta":{"footnotes":""},"categories":[5],"tags":[],"class_list":["post-1071","post","type-post","status-publish","format-standard","has-post-thumbnail","hentry","category-ogloszenia"],"_links":{"self":[{"href":"https:\/\/parafiaparchowo.pl\/index.php?rest_route=\/wp\/v2\/posts\/1071","targetHints":{"allow":["GET"]}}],"collection":[{"href":"https:\/\/parafiaparchowo.pl\/index.php?rest_route=\/wp\/v2\/posts"}],"about":[{"href":"https:\/\/parafiaparchowo.pl\/index.php?rest_route=\/wp\/v2\/types\/post"}],"author":[{"embeddable":true,"href":"https:\/\/parafiaparchowo.pl\/index.php?rest_route=\/wp\/v2\/users\/1"}],"replies":[{"embeddable":true,"href":"https:\/\/parafiaparchowo.pl\/index.php?rest_route=%2Fwp%2Fv2%2Fcomments&post=1071"}],"version-history":[{"count":1,"href":"https:\/\/parafiaparchowo.pl\/index.php?rest_route=\/wp\/v2\/posts\/1071\/revisions"}],"predecessor-version":[{"id":1074,"href":"https:\/\/parafiaparchowo.pl\/index.php?rest_route=\/wp\/v2\/posts\/1071\/revisions\/1074"}],"wp:featuredmedia":[{"embeddable":true,"href":"https:\/\/parafiaparchowo.pl\/index.php?rest_route=\/wp\/v2\/media\/253"}],"wp:attachment":[{"href":"https:\/\/parafiaparchowo.pl\/index.php?rest_route=%2Fwp%2Fv2%2Fmedia&parent=1071"}],"wp:term":[{"taxonomy":"category","embeddable":true,"href":"https:\/\/parafiaparchowo.pl\/index.php?rest_route=%2Fwp%2Fv2%2Fcategories&post=1071"},{"taxonomy":"post_tag","embeddable":true,"href":"https:\/\/parafiaparchowo.pl\/index.php?rest_route=%2Fwp%2Fv2%2Ftags&post=1071"}],"curies":[{"name":"wp","href":"https:\/\/api.w.org\/{rel}","templated":true}]}}