{"id":1066,"date":"2023-12-31T00:38:54","date_gmt":"2023-12-30T23:38:54","guid":{"rendered":"https:\/\/parafiaparchowo.pl\/?p=1066"},"modified":"2023-12-31T00:38:55","modified_gmt":"2023-12-30T23:38:55","slug":"katecheza-eucharystyczna-18-kolekta-modlitwa-w-ktorej-kaplan-zbiera-wszystkie-nasze-modlitwy","status":"publish","type":"post","link":"https:\/\/parafiaparchowo.pl\/?p=1066","title":{"rendered":"KATECHEZA EUCHARYSTYCZNA \u2013 18. Kolekta \u2013 modlitwa, w kt\u00f3rej kap\u0142an zbiera wszystkie nasze modlitwy"},"content":{"rendered":"\n<p>Ostatnim elementem obrz\u0119d\u00f3w wst\u0119pnych jest kolekta. Jest to kr\u00f3tka, ale niezwykle<br>wa\u017cna modlitwa kap\u0142ana, kt\u00f3ra nast\u0119puje po akcie pokuty i hymnie \u201eChwa\u0142a na wysoko\u015bci<br>Bogu\u201d. Ma ona wiele funkcji. Spr\u00f3bujmy dzi\u015b odkry\u0107 najwa\u017cniejsze z nich i nauczy\u0107 si\u0119<br>modli\u0107 razem z ksi\u0119dzem t\u0105 w\u0142a\u015bnie modlitw\u0105.<br>S\u0142owo \u201ekolekta\u201d oznacza po \u0142acinie dos\u0142ownie \u201erzeczy zbierane razem\u201d i jest to<br>najlepsze wyja\u015bnienie istoty tej modlitwy. Kap\u0142an zbiera tu wszystkie nasze<br>niewypowiedziane intencje, modlitwy i dzi\u0119kczynienia, z kt\u00f3rymi przychodzimy na Msz\u0119<br>\u015bwi\u0119t\u0105. Gdy kap\u0142an wypowiada wezwanie \u201eM\u00f3dlmy si\u0119\u201d i nast\u0119puje po tym chwila ciszy,<br>jest to czas, aby\u015bmy w naszym sercu wzbudzili w sobie intencj\u0119 Mszy \u015bwi\u0119tej<br>i wypowiedzieli j\u0105 przed Bogiem. Jest to niezwykle pi\u0119kny moment, poniewa\u017c wyra\u017ca<br>nasz\u0105 jedno\u015b\u0107 w r\u00f3\u017cnorodno\u015bci. Modlimy si\u0119 wtedy intensywnie wszyscy razem, bo modli<br>si\u0119 ca\u0142y ko\u015bci\u00f3\u0142, ale ka\u017cdy modli si\u0119 o co innego, ka\u017cdy po swojemu, ka\u017cdy w ciszy swojego<br>serca zawierza Bogu swoje sprawy. Jeden dzi\u0119kuje, drugi prosi, trzeci przeprasza.<br>Je\u015bli chcemy jak najlepiej wykorzysta\u0107 ten moment, spr\u00f3bujmy zdoby\u0107 dwie wa\u017cne umiej\u0119tno\u015bci.<br>Pierwsz\u0105 z nich jest umiej\u0119tno\u015b\u0107 ciszy. Wiele os\u00f3b nie rozumie, co si\u0119 dzieje w tym<br>momencie. Z cisz\u0105 w ko\u015bciele czujemy si\u0119 zazwyczaj niekomfortowo. Dlatego trzeba si\u0119<br>jej po prostu uczy\u0107 i wytrzyma\u0107 w skupieniu tych kilka chwil. Pr\u00f3bujmy nie rusza\u0107 wtedy<br>\u0142awkami i krzes\u0142ami, nie rozgl\u0105da\u0107 si\u0119 na boki, nie patrze\u0107 na zegarek, tylko skupi\u0107 si\u0119 na<br>kr\u00f3tkiej, ale intensywnej modlitwie. To wyciszenie si\u0119 jest bardzo potrzebne. Jest to<br>moment, w kt\u00f3rym chcemy nazwa\u0107 to, co mamy w sercu i przedstawi\u0107 to Bogu. W tym<br>momencie wzbudzamy w sobie r\u00f3wnie\u017c wiar\u0119 i \u015bwiadomo\u015b\u0107, \u017ce Msza \u015bwi\u0119ta jest<br>spotkaniem z \u017cywym Bogiem, kt\u00f3ry zna nasze \u017cycie, wie czego nam potrzeba i b\u0119dzie teraz<br>chcia\u0142 przyj\u015b\u0107 do tego, co przynosimy Bogu na modlitwie.<br>Moment wyciszenia i modlitwy jest nam r\u00f3wnie\u017c potrzebny jako \u0142\u0105cznik pomi\u0119dzy<br>obrz\u0119dami wst\u0119pnymi i Liturgi\u0105 S\u0142owa. Ko\u0144czymy wtedy pierwsz\u0105 cze\u015b\u0107 Mszy \u015bwi\u0119tej,<br>kt\u00f3rej zadaniem jest u\u015bwiadomienie sobie obecno\u015bci Boga i pro\u015bba, by sam B\u00f3g oczy\u015bci\u0142<br>nas do godnego uczestniczenia we Mszy \u015awi\u0119tej. Wchodzimy w ten spos\u00f3b p\u0142ynnie<br>w drug\u0105 cz\u0119\u015b\u0107 Mszy \u015bwi\u0119tej, kt\u00f3ra polega na o\u015bwieceniu nas przez s\u0142uchanie S\u0142owa<br>Bo\u017cego, tak aby\u015bmy mogli przej\u015b\u0107 do trzeciej cz\u0119\u015bci, kt\u00f3ra jest zjednoczeniem si\u0119 z Bogiem<br>w Eucharystii. Tak podzielona Msza \u015bwi\u0119ta odpowiada trzem etapom \u017cycia duchowego.<br>W pierwszym \u2013 cz\u0142owiek uzyskuje oczyszczenie z wad i grzech\u00f3w, w drugim \u2013 B\u00f3g<br>o\u015bwieca nas, a wi\u0119c odkrywa przed nami prawd\u0119 o sobie i o nas samych, w trzecim \u2013<br>jednoczy nas ze sob\u0105 i z innymi.<br>Drug\u0105 umiej\u0119tno\u015bci\u0105, kt\u00f3ra pozwoli nam lepiej modli\u0107 si\u0119 kolekt\u0105, jest umiej\u0119tno\u015b\u0107<br>ws\u0142uchania si\u0119 w tre\u015b\u0107 tej modlitwy. Kolekta zawsze sk\u0142ada si\u0119 z czterech cz\u0119\u015bci. Zaczyna<br>si\u0119 zawsze od wezwania Boga (np. \u201eBo\u017ce Ojcze wszechmog\u0105cy\u201d). Nast\u0119pnie pojawia si\u0119<br>cz\u0119\u015b\u0107 zwana anamnez\u0105, w kt\u00f3rej wspominamy co B\u00f3g zrobi\u0142 w tajemnicy, kt\u00f3r\u0105<br>\u015bwi\u0119tujemy danego dnia lub przypominamy jakie\u015b Bo\u017ce dzia\u0142anie, do kt\u00f3rego si\u0119<br>odnosimy. Skoro najpierw wspominamy, co B\u00f3g zrobi\u0142, prosimy potem, aby dok\u0142adnie to<br>samo uczyni\u0142 dzi\u015b z nami (epikleza), a na ko\u0144cu oddajemy Mu cze\u015b\u0107, uwielbiaj\u0105c Go w Tr\u00f3jcy \u015awi\u0119tej.<br>To prosty schemat, kt\u00f3ry streszcza nam tajemnic\u0119 Mszy \u015bwi\u0119tej, w kt\u00f3rej uczestniczymy,<br>wprowadza nas w Liturgi\u0119 S\u0142owa i pokazuje jakiej \u0142aski B\u00f3g chce dzi\u015b nam udzieli\u0107. Tak<br>naprawd\u0119 zawsze prosimy o nasz\u0105 \u015bwi\u0119to\u015b\u0107, ale poniewa\u017c \u015bwi\u0119to\u015b\u0107 to tak szerokie s\u0142owo,<br>w ka\u017cdej Mszy \u015bwi\u0119tej prosimy o inny dar, potrzebny nam na tej drodze do \u015bwi\u0119to\u015bci.<br>Wszystko to wyra\u017camy w\u0142a\u015bnie w kolekcie.<br>Zwr\u00f3\u0107my na koniec uwag\u0119 na spos\u00f3b, w jaki kap\u0142an wypowiada t\u0119 modlitw\u0119. Podniesione<br>r\u0119ce nazywamy w Ko\u015bciele \u201epostaw\u0105 oranta\u201d. Jest to bardzo stary gest, znany ju\u017c ze<br>Starego Testamentu. Ma on co najmniej podw\u00f3jne znaczenie. Najpierw jest<br>przypomnieniem krzy\u017ca. Przypominamy sobie zn\u00f3w, \u017ce wszystko, co otrzymujemy od<br>Boga, zawdzi\u0119czamy Chrystusowi, Jego m\u0119ce, \u015bmierci i zmartwychwstaniu. Jest to te\u017c gest<br>otwartych i pustych r\u0105k, gest cz\u0142owieka, kt\u00f3ry staje przed Bogiem jak \u017cebrak i prosi<br>\u201eOjcze\u2026 Wszystko, co mam, mam od Ciebie. Prosz\u0119, pom\u00f3\u017c\u201d.<br>Kolekta to zatem taki moment Mszy \u015bwi\u0119tej, gdy Ko\u015bci\u00f3\u0142 zbiera wszystkie intencje. Kap\u0142an<br>przedstawia je Ojcu, m\u00f3wi\u0105c \u201eTato, niczego nie mamy, jeste\u015bmy pu\u015bci, potrzebujemy<br>Twojej pomocy i \u0142aski\u201d. Kolekta nie tyko zbiera nasze prywatne modlitwy, ale r\u00f3wnie\u017c<br>poszerza nasze serca, aby nauczy\u0142y si\u0119 uczestniczy\u0107 w modlitwie ca\u0142ego Ko\u015bcio\u0142a. Chodzi<br>o to, aby\u015bmy s\u0142uchaj\u0105c kolekty nauczyli si\u0119 prosi\u0107 o to, co jest nam rzeczywi\u015bcie potrzebne,<br>a nie tylko o nasze ma\u0142e przyziemne sprawy. S\u0142uchaj\u0105c tej modlitwy chcemy wi\u0119c<br>poszerza\u0107 nasze serca, mie\u0107 wi\u0119ksze zrozumienie Boga i Jego \u015bwi\u0119tych oraz wi\u0119ksz\u0105 ch\u0119\u0107<br>i gotowo\u015b\u0107 odpowiedzenia na zaproszenie do relacji z Bogiem.<br>Ju\u017c za chwil\u0119 b\u0119dziesz m\u00f3g\u0142 w\u0142\u0105czy\u0107 si\u0119 w KOLEKT\u0118 mszaln\u0105, wypowiadaj\u0105c w ciszy<br>przed Bogiem swoje intencje, ws\u0142uchuj\u0105c si\u0119 w s\u0142owa kap\u0142ana oraz wypowiadaj\u0105c \u201eAmen\u201d.<br>Ws\u0142uchaj si\u0119 uwa\u017cnie w tekst tej modlitwy i uwierz, \u017ce B\u00f3g jako Tw\u00f3j Ojciec naprawd\u0119<br>chce s\u0142ucha\u0107 modlitwy swojego Ko\u015bcio\u0142a, a wi\u0119c i twojej.<\/p>\n","protected":false},"excerpt":{"rendered":"<p>Ostatnim elementem obrz\u0119d\u00f3w wst\u0119pnych jest kolekta. Jest to kr\u00f3tka, ale niezwyklewa\u017cna modlitwa kap\u0142ana, kt\u00f3ra nast\u0119puje po akcie pokuty i hymnie \u201eChwa\u0142a na wysoko\u015bciBogu\u201d. Ma &hellip;<\/p>\n","protected":false},"author":1,"featured_media":984,"comment_status":"closed","ping_status":"closed","sticky":false,"template":"","format":"standard","meta":{"footnotes":""},"categories":[4],"tags":[],"class_list":["post-1066","post","type-post","status-publish","format-standard","has-post-thumbnail","hentry","category-aktualnosci"],"_links":{"self":[{"href":"https:\/\/parafiaparchowo.pl\/index.php?rest_route=\/wp\/v2\/posts\/1066","targetHints":{"allow":["GET"]}}],"collection":[{"href":"https:\/\/parafiaparchowo.pl\/index.php?rest_route=\/wp\/v2\/posts"}],"about":[{"href":"https:\/\/parafiaparchowo.pl\/index.php?rest_route=\/wp\/v2\/types\/post"}],"author":[{"embeddable":true,"href":"https:\/\/parafiaparchowo.pl\/index.php?rest_route=\/wp\/v2\/users\/1"}],"replies":[{"embeddable":true,"href":"https:\/\/parafiaparchowo.pl\/index.php?rest_route=%2Fwp%2Fv2%2Fcomments&post=1066"}],"version-history":[{"count":1,"href":"https:\/\/parafiaparchowo.pl\/index.php?rest_route=\/wp\/v2\/posts\/1066\/revisions"}],"predecessor-version":[{"id":1067,"href":"https:\/\/parafiaparchowo.pl\/index.php?rest_route=\/wp\/v2\/posts\/1066\/revisions\/1067"}],"wp:featuredmedia":[{"embeddable":true,"href":"https:\/\/parafiaparchowo.pl\/index.php?rest_route=\/wp\/v2\/media\/984"}],"wp:attachment":[{"href":"https:\/\/parafiaparchowo.pl\/index.php?rest_route=%2Fwp%2Fv2%2Fmedia&parent=1066"}],"wp:term":[{"taxonomy":"category","embeddable":true,"href":"https:\/\/parafiaparchowo.pl\/index.php?rest_route=%2Fwp%2Fv2%2Fcategories&post=1066"},{"taxonomy":"post_tag","embeddable":true,"href":"https:\/\/parafiaparchowo.pl\/index.php?rest_route=%2Fwp%2Fv2%2Ftags&post=1066"}],"curies":[{"name":"wp","href":"https:\/\/api.w.org\/{rel}","templated":true}]}}