{"id":1065,"date":"2023-12-31T07:30:00","date_gmt":"2023-12-31T06:30:00","guid":{"rendered":"https:\/\/parafiaparchowo.pl\/?p=1065"},"modified":"2023-12-31T00:44:38","modified_gmt":"2023-12-30T23:44:38","slug":"ogloszenia-parafialne-niedziela-31-12-2023r","status":"publish","type":"post","link":"https:\/\/parafiaparchowo.pl\/?p=1065","title":{"rendered":"Og\u0142oszenia parafialne \u2013\u00a0 Niedziela\u00a0 \u2013 31.12.2023r."},"content":{"rendered":"\n<ol class=\"wp-block-list\">\n<li>Zapraszam dzisiaj od godz. 16:00 do 17:00 na Adoracj\u0119 Naj\u015bwi\u0119tszego Sakramentu<br>i nabo\u017ce\u0144stwo dzi\u0119kczynno-przeb\u0142agalne na zako\u0144czenie roku.&nbsp;<\/li>\n<\/ol>\n\n\n\n<ol class=\"wp-block-list\" start=\"2\">\n<li>W sobot\u0119 Uroczysto\u015b\u0107 Objawienia Pa\u0144skiego \u2013 czyli Trzech Kr\u00f3li. Na Mszach \u015bw.&nbsp; odb\u0119dzie si\u0119 \u015bwi\u0119cenie kredy. Kolekta w tym dniu na misje katolickie.&nbsp;<\/li>\n<\/ol>\n\n\n\n<ol class=\"wp-block-list\" start=\"3\">\n<li>W pierwszy pi\u0105tek nie b\u0119dzie odwiedzin chorych z racji odwiedzin kol\u0119dowych. Odwiedziny chorych odb\u0119d\u0105 si\u0119 na pocz\u0105tku lutego.<\/li>\n<\/ol>\n\n\n\n<ol class=\"wp-block-list\" start=\"4\">\n<li>Spowied\u017a w I pi\u0105tek od godz. 17:00. O godz. 18:30 adoracja Naj\u015bwi\u0119tszego Sakramentu i R\u00f3\u017caniec.\u00a0<\/li>\n<\/ol>\n\n\n\n<ol class=\"wp-block-list\" start=\"5\">\n<li>W \u015brod\u0119 i czwartek adoracja Naj\u015bwi\u0119tszego Sakramentu przed Msz\u0105 \u015bwi\u0119t\u0105 od godz. 8:30.&nbsp;<\/li>\n<\/ol>\n\n\n\n<ol class=\"wp-block-list\" start=\"6\">\n<li>W Uroczysto\u015b\u0107 Objawienia Pa\u0144skiego 6 stycznia na Mszy \u015bw. o godz. 11:30, b\u0119dzie towarzyszy\u0107 nam zesp\u00f3\u0142 \u201eModraki\u201d.<br><\/li>\n\n\n\n<li>W niedziel\u0119 Chrztu Pa\u0144skiego 7 stycznia o godz. 11:30, towarzyszy\u0107 nam b\u0119dzie schola parafialna, a po Mszy \u015bw. wsp\u00f3lne kol\u0119dowanie. B\u0119dzie r\u00f3wnie\u017c okazja aby wesprze\u0107 inicjatyw\u0119 zakupu nowych organ\u00f3w elektrycznych dla scholii.<\/li>\n<\/ol>\n\n\n\n<figure class=\"wp-block-image size-large\"><img loading=\"lazy\" decoding=\"async\" width=\"724\" height=\"1024\" src=\"https:\/\/parafiaparchowo.pl\/wp-content\/uploads\/2023\/12\/Intencje-mszalne-31.12.2023r-724x1024.jpg\" alt=\"\" class=\"wp-image-1068\" srcset=\"https:\/\/parafiaparchowo.pl\/wp-content\/uploads\/2023\/12\/Intencje-mszalne-31.12.2023r-724x1024.jpg 724w, https:\/\/parafiaparchowo.pl\/wp-content\/uploads\/2023\/12\/Intencje-mszalne-31.12.2023r-212x300.jpg 212w, https:\/\/parafiaparchowo.pl\/wp-content\/uploads\/2023\/12\/Intencje-mszalne-31.12.2023r-768x1086.jpg 768w, https:\/\/parafiaparchowo.pl\/wp-content\/uploads\/2023\/12\/Intencje-mszalne-31.12.2023r-1086x1536.jpg 1086w, https:\/\/parafiaparchowo.pl\/wp-content\/uploads\/2023\/12\/Intencje-mszalne-31.12.2023r-1448x2048.jpg 1448w, https:\/\/parafiaparchowo.pl\/wp-content\/uploads\/2023\/12\/Intencje-mszalne-31.12.2023r.jpg 1656w\" sizes=\"auto, (max-width: 724px) 100vw, 724px\" \/><\/figure>\n","protected":false},"excerpt":{"rendered":"","protected":false},"author":1,"featured_media":253,"comment_status":"closed","ping_status":"closed","sticky":false,"template":"","format":"standard","meta":{"footnotes":""},"categories":[5],"tags":[],"class_list":["post-1065","post","type-post","status-publish","format-standard","has-post-thumbnail","hentry","category-ogloszenia"],"_links":{"self":[{"href":"https:\/\/parafiaparchowo.pl\/index.php?rest_route=\/wp\/v2\/posts\/1065","targetHints":{"allow":["GET"]}}],"collection":[{"href":"https:\/\/parafiaparchowo.pl\/index.php?rest_route=\/wp\/v2\/posts"}],"about":[{"href":"https:\/\/parafiaparchowo.pl\/index.php?rest_route=\/wp\/v2\/types\/post"}],"author":[{"embeddable":true,"href":"https:\/\/parafiaparchowo.pl\/index.php?rest_route=\/wp\/v2\/users\/1"}],"replies":[{"embeddable":true,"href":"https:\/\/parafiaparchowo.pl\/index.php?rest_route=%2Fwp%2Fv2%2Fcomments&post=1065"}],"version-history":[{"count":1,"href":"https:\/\/parafiaparchowo.pl\/index.php?rest_route=\/wp\/v2\/posts\/1065\/revisions"}],"predecessor-version":[{"id":1069,"href":"https:\/\/parafiaparchowo.pl\/index.php?rest_route=\/wp\/v2\/posts\/1065\/revisions\/1069"}],"wp:featuredmedia":[{"embeddable":true,"href":"https:\/\/parafiaparchowo.pl\/index.php?rest_route=\/wp\/v2\/media\/253"}],"wp:attachment":[{"href":"https:\/\/parafiaparchowo.pl\/index.php?rest_route=%2Fwp%2Fv2%2Fmedia&parent=1065"}],"wp:term":[{"taxonomy":"category","embeddable":true,"href":"https:\/\/parafiaparchowo.pl\/index.php?rest_route=%2Fwp%2Fv2%2Fcategories&post=1065"},{"taxonomy":"post_tag","embeddable":true,"href":"https:\/\/parafiaparchowo.pl\/index.php?rest_route=%2Fwp%2Fv2%2Ftags&post=1065"}],"curies":[{"name":"wp","href":"https:\/\/api.w.org\/{rel}","templated":true}]}}